{"id":3115,"date":"2023-03-23T15:26:18","date_gmt":"2023-03-23T15:26:18","guid":{"rendered":"https:\/\/hotelcostabella.com\/que-fer\/tout-un-programme-pour-les-amateurs-de-cyclisme\/"},"modified":"2023-12-04T11:46:16","modified_gmt":"2023-12-04T11:46:16","slug":"tout-un-programme-pour-les-amateurs-de-cyclisme","status":"publish","type":"post","link":"https:\/\/hotelcostabella.com\/fr\/que-fer\/tout-un-programme-pour-les-amateurs-de-cyclisme\/","title":{"rendered":"Plans pour les amateurs de cyclisme \u00e0 G\u00e9rone"},"content":{"rendered":"\n<p class=\"intro\">Toute la province de G\u00e9rone est devenue un lieu embl\u00e9matique pour les cyclistes. Le v\u00e9lo \u00e0 G\u00e9rone est \u00e0 la mode. Parce que? <strong>Mer, montagne, beau temps<\/strong> et ville pr\u00eate \u00e0 accueillir les touristes, avec des \u00e9tablissements qui proposent des installations pour ranger les v\u00e9los.  <\/p>\n\n<p>Une <strong>route le long de la Costa Brava ou des Pyr\u00e9n\u00e9es de G\u00e9rone,<\/strong> c\u2019est un parcours de plusieurs kilom\u00e8tres le long d\u2019anciennes voies ferr\u00e9es (voies vertes), \u00e9galement id\u00e9al pour les activit\u00e9s familiales. <\/p>\n\n<p>Vous pouvez \u00e9galement opter pour des itin\u00e9raires de route et de VTT pour tester vos limites. De nombreux paysages vari\u00e9s et spectaculaires vous attendent ! <\/p>\n\n<p>Vous avez besoin d\u2019id\u00e9es d\u2019itin\u00e9raires \u00e0 faire \u00e0 v\u00e9lo ?<\/p>\n\n<p>Sur <a href=\"https:\/\/ca.wikiloc.com\/rutes\/bicicleta-de-carretera\/espanya\/catalunya\/girona\" target=\"_blank\" rel=\"noreferrer noopener nofollow\">Wikiloc<\/a>, vous trouverez des id\u00e9es pour parcourir les meilleurs itin\u00e9raires de v\u00e9lo de route \u00e0 G\u00e9rone.<\/p>\n\n<p>Vous venez \u00e0 G\u00e9rone avec votre v\u00e9lo ? \u00c0 l\u2019h\u00f4tel, nous disposons d\u2019un <a href=\"\" data-type=\"\" data-id=\"\">parking v\u00e9lo priv\u00e9<\/a> afin que vous puissiez le garder dans un espace ferm\u00e9 et s\u00fbr.  Nous vous recommandons d\u2019apporter votre propre cadenas.<\/p>\n","protected":false},"excerpt":{"rendered":"<p>Toute la province de G\u00e9rone est devenue un lieu embl\u00e9matique pour les cyclistes. Le v\u00e9lo \u00e0 G\u00e9rone est \u00e0 la mode. Parce que? Mer, montagne, beau temps et ville pr\u00eate \u00e0 accueillir les touristes, avec des \u00e9tablissements qui proposent des installations pour ranger les v\u00e9los. Une route le long de la Costa Brava ou des [&hellip;]<\/p>\n","protected":false},"author":1,"featured_media":2598,"comment_status":"open","ping_status":"open","sticky":false,"template":"","format":"standard","meta":{"footnotes":""},"categories":[25],"tags":[],"class_list":["post-3115","post","type-post","status-publish","format-standard","has-post-thumbnail","hentry","category-non-classifiee"],"meta_box":[],"_links":{"self":[{"href":"https:\/\/hotelcostabella.com\/fr\/wp-json\/wp\/v2\/posts\/3115","targetHints":{"allow":["GET"]}}],"collection":[{"href":"https:\/\/hotelcostabella.com\/fr\/wp-json\/wp\/v2\/posts"}],"about":[{"href":"https:\/\/hotelcostabella.com\/fr\/wp-json\/wp\/v2\/types\/post"}],"author":[{"embeddable":true,"href":"https:\/\/hotelcostabella.com\/fr\/wp-json\/wp\/v2\/users\/1"}],"replies":[{"embeddable":true,"href":"https:\/\/hotelcostabella.com\/fr\/wp-json\/wp\/v2\/comments?post=3115"}],"version-history":[{"count":0,"href":"https:\/\/hotelcostabella.com\/fr\/wp-json\/wp\/v2\/posts\/3115\/revisions"}],"wp:featuredmedia":[{"embeddable":true,"href":"https:\/\/hotelcostabella.com\/fr\/wp-json\/wp\/v2\/media\/2598"}],"wp:attachment":[{"href":"https:\/\/hotelcostabella.com\/fr\/wp-json\/wp\/v2\/media?parent=3115"}],"wp:term":[{"taxonomy":"category","embeddable":true,"href":"https:\/\/hotelcostabella.com\/fr\/wp-json\/wp\/v2\/categories?post=3115"},{"taxonomy":"post_tag","embeddable":true,"href":"https:\/\/hotelcostabella.com\/fr\/wp-json\/wp\/v2\/tags?post=3115"}],"curies":[{"name":"wp","href":"https:\/\/api.w.org\/{rel}","templated":true}]}}